{"id":6308,"date":"2023-10-08T16:36:00","date_gmt":"2023-10-08T14:36:00","guid":{"rendered":"https:\/\/www.anne-sophie-mutter.de\/opus-klassik-2023-instrumentalistin-des-jahres\/"},"modified":"2025-08-30T12:33:48","modified_gmt":"2025-08-30T10:33:48","slug":"instrumentalist-of-the-year","status":"publish","type":"post","link":"https:\/\/www.anne-sophie-mutter.de\/en\/instrumentalist-of-the-year\/","title":{"rendered":"Instrumentalist of the Year"},"content":{"rendered":"<p>[et_pb_section fb_built=&#8221;1&#8243; _builder_version=&#8221;4.27.4&#8243; _module_preset=&#8221;default&#8221; custom_padding=&#8221;20px||||false|false&#8221; global_colors_info=&#8221;{}&#8221;][et_pb_row _builder_version=&#8221;4.27.4&#8243; _module_preset=&#8221;default&#8221; width=&#8221;100%&#8221; custom_margin=&#8221;0px||0px||false|false&#8221; custom_padding=&#8221;0px||0px||false|false&#8221; global_colors_info=&#8221;{}&#8221;][et_pb_column type=&#8221;4_4&#8243; _builder_version=&#8221;4.27.4&#8243; _module_preset=&#8221;default&#8221; global_colors_info=&#8221;{}&#8221;][et_pb_text _builder_version=&#8221;4.27.4&#8243; _module_preset=&#8221;default&#8221; global_colors_info=&#8221;{}&#8221;]<\/p>\n<p><em>The Opus Klassik gala awards ceremony took place earlier today at the Konzerthaus Berlin, with music provided by the Konzerthausorchester and its new Chief Conductor and Artistic Director Joana Mallwitz. Orchestra and conductor were joined on stage at the Konzerthaus by an array of stars from the classical music world, including Anne-Sophie Mutter and V\u00edkingur \u00d3lafsson and David Garrett. The ceremony was hosted by actress and television presenter D\u00e9sir\u00e9e Nosbusch.<\/em><\/p>\n<p>\u201cMusic,\u201d says Anne-Sophie Mutter, \u201cshould grip people, move people, it should tell stories, it should have impact.\u201d It always does this and more in the hands of this most exceptional of artists, who not only performed at the gala but also picked up an Instrumentalist of the Year award for her world premiere recording of John Williams\u2019s Violin Concerto No. 2, a work written for and dedicated to the violinist by the legendary Hollywood composer. In her acceptance speech, Anne-Sophie Mutter also referred to the current situation in Israel: &#8220;There is an incredible unifying power in music that can embrace us all because it accepts us as we are &#8211; regardless of our ethnicity and religion. It is a power that politicians internationally must finally become aware of. So I dedicate this OPUS KLASSIK to all those who stand up for democracy, for peace and also for music.&#8221;<\/p>\n<p>Pianist V\u00edkingur \u00d3lafsson won in the same category with From Afar, an album inspired by childhood memories and his encounter with one of his musical heroes, Hungarian composer Gy\u00f6rgy Kurt\u00e1g. Its tracklist includes Icelandic and Hungarian folk songs, and music by Schumann, Brahms and Thomas Ad\u00e8s, as well as a selection of works by Kurt\u00e1g.<\/p>\n<p>Czech conductor Jakub Hr\u016f\u0161a paid tribute on his recent album with the Bamberger Symphoniker to Hans Rott, a composer praised by his friend Mahler as the \u201cfounder of the new symphony\u201d. Hr\u016f\u0161a was named Conductor of the Year for his interpretation of Rott\u2019s Symphony No. 1 in E major. His DG album, co-produced with BR-KLASSIK, reveals the original genius of this Austrian composer who died at the age of just 25.<\/p>\n<p>Andr\u00e8 Schuen discovered Schubert\u2019s Schwanengesang long before embarking on his career as a professional singer, and still calls it his \u201cgreatest love among the Schubert Lieder\u201d. His recording of the collection was honoured in the Solo Song category. The baritone is accompanied on the album by his longstanding duo partner Daniel Heide \u2013 the pair developed and refined their interpretations together in a series of acclaimed recital performances before going into the studio.<\/p>\n<p>Jonathan Tetelman saw his DG debut album Arias as both a starting point and destination.\u201cThis album creates a portrait of what I feel represents my path as an artist,\u201d says the Chilean-American tenor. His exploration of the operatic world of Verdi, verismo and beyond impressed the OPUS KLASSIK jury and won him a Young Artist of the Year award.<\/p>\n<p>The world premiere recording of Teddy Abrams\u2019 Piano Concerto earned Yuja Wang a Concerto of the Year award. The work was written especially for her, as was the other piece on her album The American Project, Michael Tilson Thomas\u2019s You Come Here Often?. Both were recorded with the Louisville Orchestra, conducted by Abrams, for an album that reveals the richness of American music as well as Yuja\u2019s pianistic brilliance.<\/p>\n<p>Cameron Shahbazi was this year\u2019s winner in the Innovative Concert category. In December 2022, working with Opera for Peace and Oper Frankfurt, the Iranian-Canadian countertenor organised the Woman.Life.Freedom benefit concert. The proceeds were used to support the efforts of the Abdorrahman Boroumand Center for Human Rights in Iran, which promotes democratic values in that country and documents the human rights violations committed by its current regime.<\/p>\n<p>David Garrett is known for reaching new audiences worldwide with everything from classical sonatas to arrangements of rock ballads and film music. His latest DG album, ICONIC \u2013 Deluxe Edition, was named Bestseller of the Year. The star violinist took his inspiration for ICONIC from the work of some of his best-known predecessors, recording a personal selection of more than 20 atmospheric miniatures and virtuoso showpieces.<\/p>\n<p>For the first time in the awards\u2019 history, a group of Berlin students joined the ranks of the jury. The young people, aged between 15 and 18, cast their votes for the Video Clip of the Year. The winners of the inaugural OPUS KLASSIK School award are Max Richter, violinist Elena Urioste and the musicians of Chineke! Orchestra for The New Four Seasons. This new initiative was launched in cooperation with Germany\u2019s Rhapsody in School project, which arranges visits to schools by classical and jazz musicians with the aim of igniting a passion for music in the next generation.<\/p>\n<p>Finally, this year\u2019s Lifetime Achievement award was presented to a true \u201celder statesman of classical music\u201d, Herbert Blomstedt who was honored in absentia. The Swedish maestro\u2019s debut DG album, on which he conducts the Gewandhausorchester in Schubert\u2019s Symphonies Nos. 8 and 9, came out in time for his 95th birthday last July. Blomstedt\u2019s extensive discography ranges from the symphonies of Beethoven, Bruckner, Nielsen and Sibelius to works by Mahler, Richard Strauss and Berg. The conductor has spent over six decades working with the world\u2019s leading orchestras. \u201cThe older you get, the more responsibility you\u2019re prepared to take on,\u201d he says. \u201cYou\u2019re also willing to take more risks.\u201d<\/p>\n<p>\u201cI\u2019d like to congratulate all the Deutsche Grammophon artists honoured by OPUS KLASSIK \u2013 we\u2019re delighted by their achievements,\u201d says Dr Clemens Trautmann, President Deutsche Grammophon. \u201cThey continue to offer inspiration through socially significant and artistically distinctive programmes \u2013 instrumental or vocal, chamber or orchestral \u2013 whether they\u2019re at the beginning of their career or looking back over a lifetime of exceptional music-making. This year\u2019s awards, however, reflect not only the diversity of releases, but also the high levels of creativity and quality we at the Yellow Label are so proud of fostering. My sincerest thanks to everyone who has contributed to this success.\u201d<\/p>\n<p>Frank Briegmann, Chairman &amp; CEO Universal Music Central Europe and Deutsche Grammophon, adds his own words of praise: \u201cMy congratulations too go to all our talented winners. It was a wonderful ceremony and Deutsche Grammophon and its artists have shown once again just how vibrant and innovative classical music can be. The wide range of categories in which they won demonstrates the sheer variety of their musicianship, from individual instrumental brilliance to the creative riches of entire lives dedicated to the service of music. I\u2019d also like to thank and congratulate both our media partner ZDF and host D\u00e9sir\u00e9e Nosbusch, who did so much to make this another memorable event.\u201d<\/p>\n<p>The OPUS KLASSIK is Germany\u2019s most prestigious classical music prize. Designed to honour outstanding artists and recordings, it is awarded by the Verein zur F\u00f6rderung der Klassischen Musik e.V. (Society for the Promotion of Classical Music), whose members are drawn from record labels, promoters, publishers and other representatives of the classical music world. The OPUS KLASSIK awards are decided by a jury of industry experts.<\/p>\n<p>Today\u2019s ceremony was broadcast at 22.25 (CET) by OPUS KLASSIK\u2019s media partner ZDF.<\/p>\n<p>[\/et_pb_text][\/et_pb_column][\/et_pb_row][et_pb_row column_structure=&#8221;1_2,1_2&#8243; _builder_version=&#8221;4.27.4&#8243; _module_preset=&#8221;default&#8221; width=&#8221;100%&#8221; custom_margin=&#8221;40px|auto||0px|false|false&#8221; global_colors_info=&#8221;{}&#8221;][et_pb_column type=&#8221;1_2&#8243; _builder_version=&#8221;4.27.4&#8243; _module_preset=&#8221;default&#8221; global_colors_info=&#8221;{}&#8221;][et_pb_image src=&#8221;https:\/\/www.anne-sophie-mutter.de\/wp-content\/uploads\/2025\/06\/2023_10_141_Opus-Klassik.jpg&#8221; title_text=&#8221;2023_10_141_Opus-Klassik&#8221; _builder_version=&#8221;4.27.4&#8243; _module_preset=&#8221;default&#8221; global_colors_info=&#8221;{}&#8221;][\/et_pb_image][\/et_pb_column][et_pb_column type=&#8221;1_2&#8243; _builder_version=&#8221;4.27.4&#8243; _module_preset=&#8221;default&#8221; global_colors_info=&#8221;{}&#8221;][et_pb_text _builder_version=&#8221;4.27.4&#8243; _module_preset=&#8221;default&#8221; global_colors_info=&#8221;{}&#8221;]<\/p>\n<p>V\u00edkingur \u00d3lafsson and Anne-Sophie Mutter at the Opus Klassik gala awards ceremony 2023.<br \/>Photos: Stefan Hoederath\/Deutsche Grammophon<\/p>\n<p>[\/et_pb_text][\/et_pb_column][\/et_pb_row][\/et_pb_section]<\/p>\n","protected":false},"excerpt":{"rendered":"<p>The Opus Klassik gala awards ceremony took place earlier today at the Konzerthaus Berlin, with music provided by the Konzerthausorchester and its new Chief Conductor and Artistic Director Joana Mallwitz. [&hellip;]<\/p>\n","protected":false},"author":3,"featured_media":6384,"comment_status":"closed","ping_status":"closed","sticky":false,"template":"","format":"standard","meta":{"_acf_changed":false,"_et_pb_use_builder":"on","_et_pb_old_content":"","_et_gb_content_width":"","inline_featured_image":false,"footnotes":""},"categories":[153],"tags":[],"class_list":["post-6308","post","type-post","status-publish","format-standard","has-post-thumbnail","hentry","category-the-news"],"acf":[],"yoast_head":"<!-- This site is optimized with the Yoast SEO plugin v27.4 - https:\/\/yoast.com\/product\/yoast-seo-wordpress\/ -->\n<title>Instrumentalist of the Year - Anne-Sophie Mutter - official website<\/title>\n<meta name=\"robots\" content=\"index, follow, max-snippet:-1, max-image-preview:large, max-video-preview:-1\" \/>\n<link rel=\"canonical\" href=\"https:\/\/www.anne-sophie-mutter.de\/opus-klassik-2023-instrumentalistin-des-jahres\/\" \/>\n<meta property=\"og:locale\" content=\"en_US\" \/>\n<meta property=\"og:type\" content=\"article\" \/>\n<meta property=\"og:title\" content=\"Instrumentalist of the Year - Anne-Sophie Mutter - official website\" \/>\n<meta property=\"og:description\" content=\"The Opus Klassik gala awards ceremony took place earlier today at the Konzerthaus Berlin, with music provided by the Konzerthausorchester and its new Chief Conductor and Artistic Director Joana Mallwitz. [&hellip;]\" \/>\n<meta property=\"og:site_name\" content=\"Anne-Sophie Mutter - official website\" \/>\n<meta property=\"article:published_time\" content=\"2023-10-08T14:36:00+00:00\" \/>\n<meta property=\"article:modified_time\" content=\"2025-08-30T10:33:48+00:00\" \/>\n<meta property=\"og:image\" content=\"https:\/\/www.anne-sophie-mutter.de\/wp-content\/uploads\/2023\/10\/2023_10_118_Opus-Klassik_neu.jpg\" \/>\n\t<meta property=\"og:image:width\" content=\"900\" \/>\n\t<meta property=\"og:image:height\" content=\"600\" \/>\n\t<meta property=\"og:image:type\" content=\"image\/jpeg\" \/>\n<meta name=\"author\" content=\"admin_martin\" \/>\n<meta name=\"twitter:card\" content=\"summary_large_image\" \/>\n<meta name=\"twitter:label1\" content=\"Written by\" \/>\n\t<meta name=\"twitter:data1\" content=\"admin_martin\" \/>\n\t<meta name=\"twitter:label2\" content=\"Est. reading time\" \/>\n\t<meta name=\"twitter:data2\" content=\"7 minutes\" \/>\n<script type=\"application\/ld+json\" class=\"yoast-schema-graph\">{\"@context\":\"https:\\\/\\\/schema.org\",\"@graph\":[{\"@type\":\"Article\",\"@id\":\"https:\\\/\\\/www.anne-sophie-mutter.de\\\/opus-klassik-2023-instrumentalistin-des-jahres\\\/#article\",\"isPartOf\":{\"@id\":\"https:\\\/\\\/www.anne-sophie-mutter.de\\\/opus-klassik-2023-instrumentalistin-des-jahres\\\/\"},\"author\":{\"name\":\"admin_martin\",\"@id\":\"https:\\\/\\\/www.anne-sophie-mutter.de\\\/en\\\/#\\\/schema\\\/person\\\/2922eb600ff40bc6efb54a9e683a7a38\"},\"headline\":\"Instrumentalist of the Year\",\"datePublished\":\"2023-10-08T14:36:00+00:00\",\"dateModified\":\"2025-08-30T10:33:48+00:00\",\"mainEntityOfPage\":{\"@id\":\"https:\\\/\\\/www.anne-sophie-mutter.de\\\/opus-klassik-2023-instrumentalistin-des-jahres\\\/\"},\"wordCount\":1392,\"image\":{\"@id\":\"https:\\\/\\\/www.anne-sophie-mutter.de\\\/opus-klassik-2023-instrumentalistin-des-jahres\\\/#primaryimage\"},\"thumbnailUrl\":\"https:\\\/\\\/www.anne-sophie-mutter.de\\\/wp-content\\\/uploads\\\/2023\\\/10\\\/2023_10_118_Opus-Klassik_neu.jpg\",\"articleSection\":[\"News\"],\"inLanguage\":\"en-US\"},{\"@type\":\"WebPage\",\"@id\":\"https:\\\/\\\/www.anne-sophie-mutter.de\\\/opus-klassik-2023-instrumentalistin-des-jahres\\\/\",\"url\":\"https:\\\/\\\/www.anne-sophie-mutter.de\\\/opus-klassik-2023-instrumentalistin-des-jahres\\\/\",\"name\":\"Instrumentalist of the Year - Anne-Sophie Mutter - official website\",\"isPartOf\":{\"@id\":\"https:\\\/\\\/www.anne-sophie-mutter.de\\\/en\\\/#website\"},\"primaryImageOfPage\":{\"@id\":\"https:\\\/\\\/www.anne-sophie-mutter.de\\\/opus-klassik-2023-instrumentalistin-des-jahres\\\/#primaryimage\"},\"image\":{\"@id\":\"https:\\\/\\\/www.anne-sophie-mutter.de\\\/opus-klassik-2023-instrumentalistin-des-jahres\\\/#primaryimage\"},\"thumbnailUrl\":\"https:\\\/\\\/www.anne-sophie-mutter.de\\\/wp-content\\\/uploads\\\/2023\\\/10\\\/2023_10_118_Opus-Klassik_neu.jpg\",\"datePublished\":\"2023-10-08T14:36:00+00:00\",\"dateModified\":\"2025-08-30T10:33:48+00:00\",\"author\":{\"@id\":\"https:\\\/\\\/www.anne-sophie-mutter.de\\\/en\\\/#\\\/schema\\\/person\\\/2922eb600ff40bc6efb54a9e683a7a38\"},\"breadcrumb\":{\"@id\":\"https:\\\/\\\/www.anne-sophie-mutter.de\\\/opus-klassik-2023-instrumentalistin-des-jahres\\\/#breadcrumb\"},\"inLanguage\":\"en-US\",\"potentialAction\":[{\"@type\":\"ReadAction\",\"target\":[\"https:\\\/\\\/www.anne-sophie-mutter.de\\\/opus-klassik-2023-instrumentalistin-des-jahres\\\/\"]}]},{\"@type\":\"ImageObject\",\"inLanguage\":\"en-US\",\"@id\":\"https:\\\/\\\/www.anne-sophie-mutter.de\\\/opus-klassik-2023-instrumentalistin-des-jahres\\\/#primaryimage\",\"url\":\"https:\\\/\\\/www.anne-sophie-mutter.de\\\/wp-content\\\/uploads\\\/2023\\\/10\\\/2023_10_118_Opus-Klassik_neu.jpg\",\"contentUrl\":\"https:\\\/\\\/www.anne-sophie-mutter.de\\\/wp-content\\\/uploads\\\/2023\\\/10\\\/2023_10_118_Opus-Klassik_neu.jpg\",\"width\":900,\"height\":600,\"caption\":\"Opus Klassik\"},{\"@type\":\"BreadcrumbList\",\"@id\":\"https:\\\/\\\/www.anne-sophie-mutter.de\\\/opus-klassik-2023-instrumentalistin-des-jahres\\\/#breadcrumb\",\"itemListElement\":[{\"@type\":\"ListItem\",\"position\":1,\"name\":\"Startseite\",\"item\":\"https:\\\/\\\/www.anne-sophie-mutter.de\\\/en\\\/\"},{\"@type\":\"ListItem\",\"position\":2,\"name\":\"Instrumentalist of the Year\"}]},{\"@type\":\"WebSite\",\"@id\":\"https:\\\/\\\/www.anne-sophie-mutter.de\\\/en\\\/#website\",\"url\":\"https:\\\/\\\/www.anne-sophie-mutter.de\\\/en\\\/\",\"name\":\"Anne-Sophie Mutter - official website\",\"description\":\"\",\"potentialAction\":[{\"@type\":\"SearchAction\",\"target\":{\"@type\":\"EntryPoint\",\"urlTemplate\":\"https:\\\/\\\/www.anne-sophie-mutter.de\\\/en\\\/?s={search_term_string}\"},\"query-input\":{\"@type\":\"PropertyValueSpecification\",\"valueRequired\":true,\"valueName\":\"search_term_string\"}}],\"inLanguage\":\"en-US\"},{\"@type\":\"Person\",\"@id\":\"https:\\\/\\\/www.anne-sophie-mutter.de\\\/en\\\/#\\\/schema\\\/person\\\/2922eb600ff40bc6efb54a9e683a7a38\",\"name\":\"admin_martin\",\"image\":{\"@type\":\"ImageObject\",\"inLanguage\":\"en-US\",\"@id\":\"https:\\\/\\\/secure.gravatar.com\\\/avatar\\\/29cbc5b2554d98eeec06c827dd723488516b2833cdd13a46b923f552d6fa8204?s=96&d=mm&r=g\",\"url\":\"https:\\\/\\\/secure.gravatar.com\\\/avatar\\\/29cbc5b2554d98eeec06c827dd723488516b2833cdd13a46b923f552d6fa8204?s=96&d=mm&r=g\",\"contentUrl\":\"https:\\\/\\\/secure.gravatar.com\\\/avatar\\\/29cbc5b2554d98eeec06c827dd723488516b2833cdd13a46b923f552d6fa8204?s=96&d=mm&r=g\",\"caption\":\"admin_martin\"},\"url\":\"https:\\\/\\\/www.anne-sophie-mutter.de\\\/en\\\/author\\\/admin_martin\\\/\"}]}<\/script>\n<!-- \/ Yoast SEO plugin. -->","yoast_head_json":{"title":"Instrumentalist of the Year - Anne-Sophie Mutter - official website","robots":{"index":"index","follow":"follow","max-snippet":"max-snippet:-1","max-image-preview":"max-image-preview:large","max-video-preview":"max-video-preview:-1"},"canonical":"https:\/\/www.anne-sophie-mutter.de\/opus-klassik-2023-instrumentalistin-des-jahres\/","og_locale":"en_US","og_type":"article","og_title":"Instrumentalist of the Year - Anne-Sophie Mutter - official website","og_description":"The Opus Klassik gala awards ceremony took place earlier today at the Konzerthaus Berlin, with music provided by the Konzerthausorchester and its new Chief Conductor and Artistic Director Joana Mallwitz. [&hellip;]","og_site_name":"Anne-Sophie Mutter - official website","article_published_time":"2023-10-08T14:36:00+00:00","article_modified_time":"2025-08-30T10:33:48+00:00","og_image":[{"width":900,"height":600,"url":"https:\/\/www.anne-sophie-mutter.de\/wp-content\/uploads\/2023\/10\/2023_10_118_Opus-Klassik_neu.jpg","type":"image\/jpeg"}],"author":"admin_martin","twitter_card":"summary_large_image","twitter_misc":{"Written by":"admin_martin","Est. reading time":"7 minutes"},"schema":{"@context":"https:\/\/schema.org","@graph":[{"@type":"Article","@id":"https:\/\/www.anne-sophie-mutter.de\/opus-klassik-2023-instrumentalistin-des-jahres\/#article","isPartOf":{"@id":"https:\/\/www.anne-sophie-mutter.de\/opus-klassik-2023-instrumentalistin-des-jahres\/"},"author":{"name":"admin_martin","@id":"https:\/\/www.anne-sophie-mutter.de\/en\/#\/schema\/person\/2922eb600ff40bc6efb54a9e683a7a38"},"headline":"Instrumentalist of the Year","datePublished":"2023-10-08T14:36:00+00:00","dateModified":"2025-08-30T10:33:48+00:00","mainEntityOfPage":{"@id":"https:\/\/www.anne-sophie-mutter.de\/opus-klassik-2023-instrumentalistin-des-jahres\/"},"wordCount":1392,"image":{"@id":"https:\/\/www.anne-sophie-mutter.de\/opus-klassik-2023-instrumentalistin-des-jahres\/#primaryimage"},"thumbnailUrl":"https:\/\/www.anne-sophie-mutter.de\/wp-content\/uploads\/2023\/10\/2023_10_118_Opus-Klassik_neu.jpg","articleSection":["News"],"inLanguage":"en-US"},{"@type":"WebPage","@id":"https:\/\/www.anne-sophie-mutter.de\/opus-klassik-2023-instrumentalistin-des-jahres\/","url":"https:\/\/www.anne-sophie-mutter.de\/opus-klassik-2023-instrumentalistin-des-jahres\/","name":"Instrumentalist of the Year - Anne-Sophie Mutter - official website","isPartOf":{"@id":"https:\/\/www.anne-sophie-mutter.de\/en\/#website"},"primaryImageOfPage":{"@id":"https:\/\/www.anne-sophie-mutter.de\/opus-klassik-2023-instrumentalistin-des-jahres\/#primaryimage"},"image":{"@id":"https:\/\/www.anne-sophie-mutter.de\/opus-klassik-2023-instrumentalistin-des-jahres\/#primaryimage"},"thumbnailUrl":"https:\/\/www.anne-sophie-mutter.de\/wp-content\/uploads\/2023\/10\/2023_10_118_Opus-Klassik_neu.jpg","datePublished":"2023-10-08T14:36:00+00:00","dateModified":"2025-08-30T10:33:48+00:00","author":{"@id":"https:\/\/www.anne-sophie-mutter.de\/en\/#\/schema\/person\/2922eb600ff40bc6efb54a9e683a7a38"},"breadcrumb":{"@id":"https:\/\/www.anne-sophie-mutter.de\/opus-klassik-2023-instrumentalistin-des-jahres\/#breadcrumb"},"inLanguage":"en-US","potentialAction":[{"@type":"ReadAction","target":["https:\/\/www.anne-sophie-mutter.de\/opus-klassik-2023-instrumentalistin-des-jahres\/"]}]},{"@type":"ImageObject","inLanguage":"en-US","@id":"https:\/\/www.anne-sophie-mutter.de\/opus-klassik-2023-instrumentalistin-des-jahres\/#primaryimage","url":"https:\/\/www.anne-sophie-mutter.de\/wp-content\/uploads\/2023\/10\/2023_10_118_Opus-Klassik_neu.jpg","contentUrl":"https:\/\/www.anne-sophie-mutter.de\/wp-content\/uploads\/2023\/10\/2023_10_118_Opus-Klassik_neu.jpg","width":900,"height":600,"caption":"Opus Klassik"},{"@type":"BreadcrumbList","@id":"https:\/\/www.anne-sophie-mutter.de\/opus-klassik-2023-instrumentalistin-des-jahres\/#breadcrumb","itemListElement":[{"@type":"ListItem","position":1,"name":"Startseite","item":"https:\/\/www.anne-sophie-mutter.de\/en\/"},{"@type":"ListItem","position":2,"name":"Instrumentalist of the Year"}]},{"@type":"WebSite","@id":"https:\/\/www.anne-sophie-mutter.de\/en\/#website","url":"https:\/\/www.anne-sophie-mutter.de\/en\/","name":"Anne-Sophie Mutter - official website","description":"","potentialAction":[{"@type":"SearchAction","target":{"@type":"EntryPoint","urlTemplate":"https:\/\/www.anne-sophie-mutter.de\/en\/?s={search_term_string}"},"query-input":{"@type":"PropertyValueSpecification","valueRequired":true,"valueName":"search_term_string"}}],"inLanguage":"en-US"},{"@type":"Person","@id":"https:\/\/www.anne-sophie-mutter.de\/en\/#\/schema\/person\/2922eb600ff40bc6efb54a9e683a7a38","name":"admin_martin","image":{"@type":"ImageObject","inLanguage":"en-US","@id":"https:\/\/secure.gravatar.com\/avatar\/29cbc5b2554d98eeec06c827dd723488516b2833cdd13a46b923f552d6fa8204?s=96&d=mm&r=g","url":"https:\/\/secure.gravatar.com\/avatar\/29cbc5b2554d98eeec06c827dd723488516b2833cdd13a46b923f552d6fa8204?s=96&d=mm&r=g","contentUrl":"https:\/\/secure.gravatar.com\/avatar\/29cbc5b2554d98eeec06c827dd723488516b2833cdd13a46b923f552d6fa8204?s=96&d=mm&r=g","caption":"admin_martin"},"url":"https:\/\/www.anne-sophie-mutter.de\/en\/author\/admin_martin\/"}]}},"_links":{"self":[{"href":"https:\/\/www.anne-sophie-mutter.de\/en\/wp-json\/wp\/v2\/posts\/6308","targetHints":{"allow":["GET"]}}],"collection":[{"href":"https:\/\/www.anne-sophie-mutter.de\/en\/wp-json\/wp\/v2\/posts"}],"about":[{"href":"https:\/\/www.anne-sophie-mutter.de\/en\/wp-json\/wp\/v2\/types\/post"}],"author":[{"embeddable":true,"href":"https:\/\/www.anne-sophie-mutter.de\/en\/wp-json\/wp\/v2\/users\/3"}],"replies":[{"embeddable":true,"href":"https:\/\/www.anne-sophie-mutter.de\/en\/wp-json\/wp\/v2\/comments?post=6308"}],"version-history":[{"count":3,"href":"https:\/\/www.anne-sophie-mutter.de\/en\/wp-json\/wp\/v2\/posts\/6308\/revisions"}],"predecessor-version":[{"id":6312,"href":"https:\/\/www.anne-sophie-mutter.de\/en\/wp-json\/wp\/v2\/posts\/6308\/revisions\/6312"}],"wp:featuredmedia":[{"embeddable":true,"href":"https:\/\/www.anne-sophie-mutter.de\/en\/wp-json\/wp\/v2\/media\/6384"}],"wp:attachment":[{"href":"https:\/\/www.anne-sophie-mutter.de\/en\/wp-json\/wp\/v2\/media?parent=6308"}],"wp:term":[{"taxonomy":"category","embeddable":true,"href":"https:\/\/www.anne-sophie-mutter.de\/en\/wp-json\/wp\/v2\/categories?post=6308"},{"taxonomy":"post_tag","embeddable":true,"href":"https:\/\/www.anne-sophie-mutter.de\/en\/wp-json\/wp\/v2\/tags?post=6308"}],"curies":[{"name":"wp","href":"https:\/\/api.w.org\/{rel}","templated":true}]}}